{"id":6038,"date":"2017-06-05T13:02:00","date_gmt":"2017-06-05T11:02:00","guid":{"rendered":"https:\/\/cretanart.webnestors.com\/?p=6038"},"modified":"2025-05-25T09:33:50","modified_gmt":"2025-05-25T07:33:50","slug":"%ce%bf-%ce%b1%ce%bb%ce%ba%ce%af%ce%bd%ce%bf%ce%bf%cf%82-%ce%b9%cf%89%ce%b1%ce%bd%ce%bd%ce%af%ce%b4%ce%b7%cf%82-08-%ce%b9%ce%bf%cf%85%ce%bb%ce%af%ce%bf%cf%85-%cf%83%cf%84%ce%bf-%ce%ba%ce%b7%cf%80%ce%bf","status":"publish","type":"post","link":"https:\/\/cretanart.gr\/it\/%ce%bf-%ce%b1%ce%bb%ce%ba%ce%af%ce%bd%ce%bf%ce%bf%cf%82-%ce%b9%cf%89%ce%b1%ce%bd%ce%bd%ce%af%ce%b4%ce%b7%cf%82-08-%ce%b9%ce%bf%cf%85%ce%bb%ce%af%ce%bf%cf%85-%cf%83%cf%84%ce%bf-%ce%ba%ce%b7%cf%80%ce%bf\/","title":{"rendered":"Alkinoos Ioannidis 08 luglio al Teatro Giardino N. Kazantzakis"},"content":{"rendered":"<p>Un testo sulla performance di Alkino Ioannidis......<\/p>\n\n\n\n<p>Mi \u00e8 stato chiesto di descrivere in un breve testo quello che viviamo come gruppo musicale. La nostra vita non \u00e8 particolarmente interessante. Ma siamo in viaggio e il viaggio ha sempre qualcosa da raccontare: Abbiamo iniziato a registrare in uno scantinato e siamo finiti a girare per la Terra per tre anni. <\/p>\n\n\n\n<p>Questa costante transizione dal dentro al fuori, dal chiuso all'aperto, dalla profondit\u00e0 all'altezza e dal momento solitario all'esperienza collettiva, caratterizza la nostra vita e la nostra arte. Quando tutto intorno \u00e8 buio e freddo, si cerca il calore che d\u00e0 la luce di un altro essere umano. Si cerca di specchiarsi, di vedere chi si \u00e8, se si \u00e8. Il canto, fin dal nostro primo giorno sulla terra, funge da identit\u00e0, da forza coesiva, da condensazione di sentimenti e informazioni, da apertura all'invisibile, da canale esistenziale. \"Da anima ad anima\". <\/p>\n\n\n\n<p>Cos\u00ec, negli ultimi difficili anni, i concerti hanno acquisito una nuova dinamica. C'\u00e8 una gioia genuina e reciproca nell'incontro con il pubblico. Energia, concentrazione, comunicazione, comfort, educazione, partecipazione di tutti a qualcosa di comune. C'\u00e8 la consapevolezza di vivere insieme qualcosa di prezioso, che va ben oltre i suoni e le parole che cantiamo. \u00c8 come se stessimo sussurrando, dietro i suoni e i testi, un altro testo segreto che ci definisce personalmente e collettivamente. <\/p>\n\n\n\n<p>L'ensemble \u00e8 composto da grandi musicisti che amano e rispettano la loro arte e la praticano con dedizione, gioia, sacrificio e passione.  Sono Giorgos Kaloudis al violoncello e alla lira cretese, Manolis Pappos al bouzouki a tre corde e al liuto, Fotis Siotas, che si alterna con Dimitris Hadjizisis al violino e Dimitris Tsekouras al contrabbasso. <\/p>\n\n\n\n<p>Li amo e li ammiro immensamente! Ognuno di loro \u00e8 un mondo esteticamente completo. Lo offrono, creando insieme la nostra speciale estetica comune. Utilizziamo esclusivamente strumenti a corda. Ogni silenzio e ogni ululato nascono dal nostro tocco sulle corde, senza la sicurezza o la comodit\u00e0 che altri strumenti apportano a una band. <\/p>\n\n\n\n<p>Il risultato \u00e8 raffinato e primitivo, raffinato e duro, strutturato e libero. Cambia di giorno in giorno e ci rivela costantemente nuovi percorsi. Questi percorsi sono quelli che gli ingegneri del suono Vangelis Lappas e Vassilis Drougas e l'illuminatore - agricoltore biologico Konstantinos Margas sono chiamati a elaborare e trasmettere alle orecchie e agli occhi degli ascoltatori. Crediamo nel canto. <\/p>\n\n\n\n<p>Oggi, dopo che tutti noi, creatori, interpreti e ascoltatori, siamo riusciti a identificarlo con il nostro io peggiore, con il neopluralismo, la megalomania e l'aristocrazia miserabile degli anni passati, cos\u00ec come con l'impotenza del nostro presente, ora che tutti lo definiamo poco ispirato e poco stimolante, dopo che lo abbiamo incolpato di tutti i nostri mali, ora torniamo ad esso e gli chiediamo di mostrarci chi siamo. Ci mostra esattamente chi siamo, cos\u00ec chiamiamo la nostra canzone. E non ci odia, e continua a sopportare quella povera cosa che ci fa da specchio... Per tutto questo tempo, affrontando le difficolt\u00e0, pagando felicemente il prezzo e guadagnando molta gioia, ci siamo occupati esclusivamente della parte artistica di ci\u00f2 che facciamo. Senza sconti, senza trucchi, senza altre preoccupazioni se non quella di approfondire costantemente ci\u00f2 che condividiamo con i nostri ascoltatori. Perch\u00e9 \u00e8 cos\u00ec che la nostra esistenza acquista senso. Ha senso ogni volta che il bouzouki, spogliato del simbolismo degli ultimi decenni, torna a canticchiare il cielo. <\/p>\n\n\n\n<p>Cos\u00ec la lira, libera dalla violenza della festa turistica, canta il suono dei secoli. Quando gli archi, sfuggendo alla tiepidezza della \"zuppa\" d'accompagnamento, all'accademismo funereo e al giubilo dello spettacolo, emettono due note con l'anima. Quando una chitarra e una voce, con errori e falsetti, cercano di scandire sogno e realt\u00e0 in modo inscindibile. \u00c8 con questo che lottiamo, purtroppo non sempre con successo, regredendo dalla creazione alla distruzione. <\/p>\n\n\n\n<p>Non posso garantire che vi divertirete se ci onorerete della vostra presenza. Perch\u00e9, fortunatamente, tutte le scommesse sono annullate. &nbsp; <\/p>\n\n\n\n<p>Grazie, Alkinoos Ioannidis &nbsp; <\/p>\n\n\n\n<p>Inaugurazione degli eventi estivi del Comune di Heraklion  <br>Sabato 08 luglio alle ore 21:30 presso il Teatro del Giardino \"Nikos Kazantzakis\".  <br>Prezzi dei biglietti: 12 euro in prevendita - 14 euro all'ingresso   <br>Prevendita: Teatro Giardino \"N. \"N. Kazantzakis\" - Androgeo 2 - Eleftheroudakis - Accademia Cristi<\/p>\n\n\n\n<p>Organizzato da Cretanart Productions<\/p>","protected":false},"excerpt":{"rendered":"<p>\u0388\u03bd\u03b1 \u03ba\u03b5\u03af\u03bc\u03b5\u03bd\u03bf \u03b3\u03b9\u03b1 \u03c4\u03b7\u03bd \u03c0\u03b1\u03c1\u03ac\u03c3\u03c4\u03b1\u03c3\u03b7 \u03b1\u03c0\u03cc \u03c4\u03bf\u03bd \u0391\u03bb\u03ba\u03af\u03bd\u03bf\u03bf \u0399\u03c9\u03b1\u03bd\u03bd\u03af\u03b4\u03b7&#8230;&#8230; \u039c\u03bf\u03c5 \u03b6\u03b7\u03c4\u03ae\u03b8\u03b7\u03ba\u03b5 \u03bd\u03b1 \u03c0\u03b5\u03c1\u03b9\u03b3\u03c1\u03ac\u03c8\u03c9 \u03c3\u03b5 \u03ad\u03bd\u03b1 \u03bc\u03b9\u03ba\u03c1\u03cc \u03ba\u03b5\u03af\u03bc\u03b5\u03bd\u03bf \u03b1\u03c5\u03c4\u03cc \u03c0\u03bf\u03c5 \u03b6\u03bf\u03cd\u03bc\u03b5 \u03c3\u03b1\u03bd \u03bc\u03bf\u03c5\u03c3\u03b9\u03ba\u03ae \u03bf\u03bc\u03ac\u03b4\u03b1. \u039f\u03b9 \u03b6\u03c9\u03ad\u03c2 \u03bc\u03b1\u03c2 \u03b4\u03b5\u03bd \u03ad\u03c7\u03bf\u03c5\u03bd \u03b9\u03b4\u03b9\u03b1\u03af\u03c4\u03b5\u03c1\u03bf \u03b5\u03bd\u03b4\u03b9\u03b1\u03c6\u03ad\u03c1\u03bf\u03bd. \u0395\u03af\u03bc\u03b1\u03c3\u03c4\u03b5 \u03cc\u03bc\u03c9\u03c2 \u03c3\u03c4\u03b7 \u03b4\u03b9\u03ac\u03c1\u03ba\u03b5\u03b9\u03b1 \u03b5\u03bd\u03cc\u03c2 \u03c4\u03b1\u03be\u03b9\u03b4\u03b9\u03bf\u03cd, \u03ba\u03b1\u03b9 \u03c4\u03bf \u03c4\u03b1\u03be\u03af\u03b4\u03b9 \u03ad\u03c7\u03b5\u03b9 \u03c0\u03ac\u03bd\u03c4\u03b1 \u03ba\u03ac\u03c4\u03b9 \u03bd\u03b1 \u03b4\u03b9\u03b7\u03b3\u03b7\u03b8\u03b5\u03af: \u039e\u03b5\u03ba\u03b9\u03bd\u03ae\u03c3\u03b1\u03bc\u03b5 \u03b7\u03c7\u03bf\u03b3\u03c1\u03b1\u03c6\u03ce\u03bd\u03c4\u03b1\u03c2 \u03c3\u03b5 \u03ba\u03ac\u03c0\u03bf\u03b9\u03bf \u03c5\u03c0\u03cc\u03b3\u03b5\u03b9\u03bf \u03ba\u03b1\u03b9 \u03ba\u03b1\u03c4\u03b1\u03bb\u03ae\u03be\u03b1\u03bc\u03b5 \u03bd\u03b1 \u03b3\u03c5\u03c1\u03af\u03b6\u03bf\u03c5\u03bc\u03b5 \u03c4\u03b7 \u0393\u03b7 [&hellip;]<\/p>\n","protected":false},"author":1,"featured_media":6039,"comment_status":"open","ping_status":"open","sticky":false,"template":"","format":"standard","meta":{"footnotes":""},"categories":[76],"tags":[],"class_list":["post-6038","post","type-post","status-publish","format-standard","has-post-thumbnail","hentry","category-76"],"blocksy_meta":{"styles_descriptor":{"styles":{"desktop":"","tablet":"","mobile":""},"google_fonts":[],"version":6}},"_links":{"self":[{"href":"https:\/\/cretanart.gr\/it\/wp-json\/wp\/v2\/posts\/6038","targetHints":{"allow":["GET"]}}],"collection":[{"href":"https:\/\/cretanart.gr\/it\/wp-json\/wp\/v2\/posts"}],"about":[{"href":"https:\/\/cretanart.gr\/it\/wp-json\/wp\/v2\/types\/post"}],"author":[{"embeddable":true,"href":"https:\/\/cretanart.gr\/it\/wp-json\/wp\/v2\/users\/1"}],"replies":[{"embeddable":true,"href":"https:\/\/cretanart.gr\/it\/wp-json\/wp\/v2\/comments?post=6038"}],"version-history":[{"count":2,"href":"https:\/\/cretanart.gr\/it\/wp-json\/wp\/v2\/posts\/6038\/revisions"}],"predecessor-version":[{"id":19596,"href":"https:\/\/cretanart.gr\/it\/wp-json\/wp\/v2\/posts\/6038\/revisions\/19596"}],"wp:featuredmedia":[{"embeddable":true,"href":"https:\/\/cretanart.gr\/it\/wp-json\/wp\/v2\/media\/6039"}],"wp:attachment":[{"href":"https:\/\/cretanart.gr\/it\/wp-json\/wp\/v2\/media?parent=6038"}],"wp:term":[{"taxonomy":"category","embeddable":true,"href":"https:\/\/cretanart.gr\/it\/wp-json\/wp\/v2\/categories?post=6038"},{"taxonomy":"post_tag","embeddable":true,"href":"https:\/\/cretanart.gr\/it\/wp-json\/wp\/v2\/tags?post=6038"}],"curies":[{"name":"wp","href":"https:\/\/api.w.org\/{rel}","templated":true}]}}