{"id":7394,"date":"2008-12-23T13:40:00","date_gmt":"2008-12-23T12:40:00","guid":{"rendered":"https:\/\/cretanart.webnestors.com\/?p=7394"},"modified":"2025-05-25T12:35:40","modified_gmt":"2025-05-25T10:35:40","slug":"%ce%be%ce%b5%cf%87%cf%8e%cf%81%ce%b9%cf%83%ce%b1%ce%bd-%ce%bf%ce%b9-%ce%ba%ce%b1%ce%bb%cf%8d%cf%84%ce%b5%cf%81%ce%bf%ce%b9-%cf%83%cf%84%ce%bf%ce%bd-14%ce%bf-%cf%80%ce%b1%ce%b3%ce%ba%cf%81%ce%ae%cf%84","status":"publish","type":"post","link":"https:\/\/cretanart.gr\/es\/%ce%be%ce%b5%cf%87%cf%8e%cf%81%ce%b9%cf%83%ce%b1%ce%bd-%ce%bf%ce%b9-%ce%ba%ce%b1%ce%bb%cf%8d%cf%84%ce%b5%cf%81%ce%bf%ce%b9-%cf%83%cf%84%ce%bf%ce%bd-14%ce%bf-%cf%80%ce%b1%ce%b3%ce%ba%cf%81%ce%ae%cf%84\/","title":{"rendered":"Los mejores del 14\u00ba Concurso Vocal Pancretano fueron distinguidos"},"content":{"rendered":"<p>Con una gran afluencia de espectadores, la final de la 14\u00aa edici\u00f3n del \"Anodos\" de Heraklion<sup>th<\/sup> Concurso vocal pancretano. <\/p>\n\n\n\n<p>Muchos j\u00f3venes de toda Creta se hab\u00edan inscrito inicialmente en el concurso y, mediante los procedimientos conocidos, se seleccionaron diecis\u00e9is con las cualificaciones necesarias, que compitieron en la final, donde un comit\u00e9 de m\u00fasicos de renombre seleccion\u00f3 a los tres mejores, que, adem\u00e1s de los premios, tambi\u00e9n se aseguraron un contrato de dos a\u00f1os con la empresa organizadora del concurso \"Cretan Art Productions\", que se ocupar\u00e1 de su carrera profesional.<\/p>\n\n\n\n<p>En general, la edici\u00f3n de este a\u00f1o ha superado a todas las anteriores, tanto por su excelente organizaci\u00f3n como por la calidad de los concursantes.<\/p>\n\n\n\n<p>La estrella invitada de la velada fue Giorgos Mais, que es uno de los muchos j\u00f3venes cantantes que ha dado a conocer el Concurso Vocal Pancretano, ya que gan\u00f3 el primer premio en 1998 y hoy tiene una notable carrera profesional con una rica trayectoria discogr\u00e1fica.<\/p>\n\n\n\n<p>En el concurso de este a\u00f1o, los ganadores fueron: 1<sup>\u03bf<\/sup> Yiannis Anapas con la canci\u00f3n \"Esaintitos \u03bb\u03b7\u03c3t\u03ae\u03c2\", 2<sup>\u03bf<\/sup> Angela Noti con la canci\u00f3n \"Without you\" y 3<sup>\u03bf<\/sup> Costas Perakis gan\u00f3 el premio con la canci\u00f3n \"Anatema in\".<\/p>\n\n\n\n<p>Como todos los a\u00f1os, tambi\u00e9n este a\u00f1o Creta TV, que apoya el concurso con su prestigio, llev\u00f3 la imagen y el ambiente de la velada a todos los rincones de Creta y m\u00e1s all\u00e1.<\/p>","protected":false},"excerpt":{"rendered":"<p>\u039c\u03b5 \u03bc\u03b5\u03b3\u03ac\u03bb\u03b7 \u03c0\u03c1\u03bf\u03c3\u03ad\u03bb\u03b5\u03c5\u03c3\u03b7 \u03ba\u03bf\u03b9\u03bd\u03bf\u03cd \u03c0\u03c1\u03b1\u03b3\u03bc\u03b1\u03c4\u03bf\u03c0\u03bf\u03b9\u03ae\u03b8\u03b7\u03ba\u03b5 \u03c3\u03c4\u03bf \u03ba\u03ad\u03bd\u03c4\u03c1\u03bf \u201c\u0391\u039d\u039f\u0394\u039f\u03a3\u201d \u03c3\u03c4\u03bf \u0397\u03c1\u03ac\u03ba\u03bb\u03b5\u03b9\u03bf, \u03bf \u03a4\u03b5\u03bb\u03b9\u03ba\u03cc\u03c2 \u03c4\u03bf\u03c5 14\u03bf\u03c5 \u03a0\u03b1\u03b3\u03ba\u03c1\u03ae\u03c4\u03b9\u03bf\u03c5 \u03a6\u03c9\u03bd\u03b7\u03c4\u03b9\u03ba\u03bf\u03cd \u0394\u03b9\u03b1\u03b3\u03c9\u03bd\u03b9\u03c3\u03bc\u03bf\u03cd. \u03a3\u03c4\u03bf\u03bd \u03b4\u03b9\u03b1\u03b3\u03c9\u03bd\u03b9\u03c3\u03bc\u03cc \u03b5\u03af\u03c7\u03b1\u03bd \u03b1\u03c1\u03c7\u03b9\u03ba\u03ac \u03b4\u03b7\u03bb\u03ce\u03c3\u03b5\u03b9 \u03c3\u03c5\u03bc\u03bc\u03b5\u03c4\u03bf\u03c7\u03ae \u03c0\u03bf\u03bb\u03bb\u03bf\u03af \u03bd\u03ad\u03bf\u03b9 \u03ba\u03b1\u03b9 \u03bd\u03ad\u03b5\u03c2 \u03b1\u03c0\u2019\u03cc\u03bb\u03b7 \u03c4\u03b7\u03bd \u039a\u03c1\u03ae\u03c4\u03b7 \u03ba\u03b1\u03b9 \u03bc\u03ad\u03c3\u03c9 \u03c4\u03c9\u03bd \u03b3\u03bd\u03c9\u03c3\u03c4\u03ce\u03bd \u03b4\u03b9\u03b1\u03b4\u03b9\u03ba\u03b1\u03c3\u03b9\u03ce\u03bd \u03be\u03b5\u03c7\u03ce\u03c1\u03b9\u03c3\u03b1\u03bd \u03bf\u03b9 \u03b4\u03b5\u03ba\u03b1\u03ad\u03be\u03b9 \u03bc\u03b5 \u03c4\u03b1 \u03b1\u03c0\u03b1\u03c1\u03b1\u03af\u03c4\u03b7\u03c4\u03b1 \u03c0\u03c1\u03bf\u03c3\u03cc\u03bd\u03c4\u03b1, \u03bf\u03b9 \u03bf\u03c0\u03bf\u03af\u03bf\u03b9 \u03ba\u03b1\u03b9 \u03b4\u03b9\u03b1\u03b3\u03c9\u03bd\u03af\u03c3\u03c4\u03b7\u03ba\u03b1\u03bd \u03c3\u03c4\u03bf\u03bd \u03c4\u03b5\u03bb\u03b9\u03ba\u03cc, \u03cc\u03c0\u03bf\u03c5 \u03b5\u03c0\u03b9\u03c4\u03c1\u03bf\u03c0\u03ae \u03b1\u03c0\u03cc \u03ba\u03b1\u03c4\u03b1\u03be\u03b9\u03c9\u03bc\u03ad\u03bd\u03b1 \u03ac\u03c4\u03bf\u03bc\u03b1 \u03c4\u03bf\u03c5 \u03bc\u03bf\u03c5\u03c3\u03b9\u03ba\u03bf\u03cd [&hellip;]<\/p>\n","protected":false},"author":3,"featured_media":7395,"comment_status":"open","ping_status":"open","sticky":false,"template":"","format":"standard","meta":{"footnotes":""},"categories":[77],"tags":[],"class_list":["post-7394","post","type-post","status-publish","format-standard","has-post-thumbnail","hentry","category-77"],"blocksy_meta":{"styles_descriptor":{"styles":{"desktop":"","tablet":"","mobile":""},"google_fonts":[],"version":6}},"_links":{"self":[{"href":"https:\/\/cretanart.gr\/es\/wp-json\/wp\/v2\/posts\/7394","targetHints":{"allow":["GET"]}}],"collection":[{"href":"https:\/\/cretanart.gr\/es\/wp-json\/wp\/v2\/posts"}],"about":[{"href":"https:\/\/cretanart.gr\/es\/wp-json\/wp\/v2\/types\/post"}],"author":[{"embeddable":true,"href":"https:\/\/cretanart.gr\/es\/wp-json\/wp\/v2\/users\/3"}],"replies":[{"embeddable":true,"href":"https:\/\/cretanart.gr\/es\/wp-json\/wp\/v2\/comments?post=7394"}],"version-history":[{"count":2,"href":"https:\/\/cretanart.gr\/es\/wp-json\/wp\/v2\/posts\/7394\/revisions"}],"predecessor-version":[{"id":19795,"href":"https:\/\/cretanart.gr\/es\/wp-json\/wp\/v2\/posts\/7394\/revisions\/19795"}],"wp:featuredmedia":[{"embeddable":true,"href":"https:\/\/cretanart.gr\/es\/wp-json\/wp\/v2\/media\/7395"}],"wp:attachment":[{"href":"https:\/\/cretanart.gr\/es\/wp-json\/wp\/v2\/media?parent=7394"}],"wp:term":[{"taxonomy":"category","embeddable":true,"href":"https:\/\/cretanart.gr\/es\/wp-json\/wp\/v2\/categories?post=7394"},{"taxonomy":"post_tag","embeddable":true,"href":"https:\/\/cretanart.gr\/es\/wp-json\/wp\/v2\/tags?post=7394"}],"curies":[{"name":"wp","href":"https:\/\/api.w.org\/{rel}","templated":true}]}}