{"id":6038,"date":"2017-06-05T13:02:00","date_gmt":"2017-06-05T11:02:00","guid":{"rendered":"https:\/\/cretanart.webnestors.com\/?p=6038"},"modified":"2025-05-25T09:33:50","modified_gmt":"2025-05-25T07:33:50","slug":"%ce%bf-%ce%b1%ce%bb%ce%ba%ce%af%ce%bd%ce%bf%ce%bf%cf%82-%ce%b9%cf%89%ce%b1%ce%bd%ce%bd%ce%af%ce%b4%ce%b7%cf%82-08-%ce%b9%ce%bf%cf%85%ce%bb%ce%af%ce%bf%cf%85-%cf%83%cf%84%ce%bf-%ce%ba%ce%b7%cf%80%ce%bf","status":"publish","type":"post","link":"https:\/\/cretanart.gr\/es\/%ce%bf-%ce%b1%ce%bb%ce%ba%ce%af%ce%bd%ce%bf%ce%bf%cf%82-%ce%b9%cf%89%ce%b1%ce%bd%ce%bd%ce%af%ce%b4%ce%b7%cf%82-08-%ce%b9%ce%bf%cf%85%ce%bb%ce%af%ce%bf%cf%85-%cf%83%cf%84%ce%bf-%ce%ba%ce%b7%cf%80%ce%bf\/","title":{"rendered":"Alkinoos Ioannidis 08 de julio en el Teatro Jard\u00edn N.Kazantzakis"},"content":{"rendered":"<p>Un texto sobre la actuaci\u00f3n de Alkino Ioannidis......<\/p>\n\n\n\n<p>Me pidieron que describiera en un breve texto lo que vivimos como grupo musical. Nuestras vidas no son especialmente interesantes. Pero estamos de viaje, y el viaje siempre tiene algo que contar: Empezamos a grabar en un s\u00f3tano y acabamos dando vueltas por la Tierra durante tres a\u00f1os. <\/p>\n\n\n\n<p>Esta transici\u00f3n constante del interior al exterior, de lo cerrado a lo abierto, de la profundidad a la altura y del momento solitario a la experiencia colectiva, caracteriza nuestra vida y nuestro arte. Cuando todo a tu alrededor es oscuro y fr\u00edo, buscas el calor que da la luz de un semejante. Buscas ser reflejado, ver qui\u00e9n eres, si es que eres. La canci\u00f3n, desde nuestro primer d\u00eda en la tierra, act\u00faa como una identidad, una fuerza cohesiva, una condensaci\u00f3n de sentimientos e informaci\u00f3n, una apertura a lo invisible, un canal existencial. \"De alma a alma\". <\/p>\n\n\n\n<p>As\u00ed, los conciertos de los \u00faltimos a\u00f1os dif\u00edciles han adquirido una nueva din\u00e1mica. Hay una alegr\u00eda genuina y mutua en el encuentro con el p\u00fablico. Energ\u00eda, concentraci\u00f3n, comunicaci\u00f3n, comodidad, cortes\u00eda, participaci\u00f3n de todos en algo com\u00fan. Existe la conciencia de que estamos viviendo juntos algo precioso, algo que va mucho m\u00e1s all\u00e1 de los sonidos y las palabras que cantamos. Es como si susurr\u00e1semos, detr\u00e1s de los sonidos y las letras, otro texto secreto que nos define personal y colectivamente. <\/p>\n\n\n\n<p>El conjunto est\u00e1 formado por grandes m\u00fasicos que aman y respetan su arte y lo practican con dedicaci\u00f3n, alegr\u00eda, sacrificio y pasi\u00f3n.  Son Giorgos Kaloudis al violonchelo y la lira cretense, Manolis Pappos al bouzouki de tres cuerdas y el la\u00fad, Fotis Siotas, que alterna con Dimitris Hadjizisis al viol\u00edn y Dimitris Tsekouras al contrabajo. <\/p>\n\n\n\n<p>Me encantan y los admiro inmensamente. Cada uno de ellos es un mundo est\u00e9ticamente completo. Nos lo ofrecen, creando juntos nuestra especial est\u00e9tica com\u00fan. Utilizamos exclusivamente instrumentos de cuerda. Cada silencio y cada aullido provienen de nuestro toque en las cuerdas, sin la confianza ni la comodidad que otros instrumentos aportan a una banda. <\/p>\n\n\n\n<p>El resultado es refinado y primitivo, refinado y duro, estructurado y libre. Cambia d\u00eda a d\u00eda y nos revela constantemente nuevos caminos. Estos caminos son los que los ingenieros de sonido Vangelis Lappas y Vassilis Drougas, y el iluminador -agricultor org\u00e1nico- Konstantinos Margas est\u00e1n llamados a procesar y transmitir a los o\u00eddos y los ojos de los oyentes. Creemos en el canto. <\/p>\n\n\n\n<p>Hoy, despu\u00e9s de que todos, creadores, int\u00e9rpretes y oyentes, hayamos conseguido identificarla con nuestro peor yo, con el neopluralismo, la megaloman\u00eda y la aristocracia miserable de los \u00faltimos a\u00f1os, as\u00ed como con la impotencia de nuestro presente, ahora que todos la llamamos poco inspirada y poco inspiradora, despu\u00e9s de que la culpemos de todos nuestros males, ahora volvemos a ella y le pedimos que nos muestre qui\u00e9nes somos. Nos muestra exactamente qui\u00e9nes somos, por eso llamamos a nuestra canci\u00f3n por su nombre. Y no nos odia, y sigue soportando que la pobre nos refleje... Durante todo este tiempo, afrontando las dificultades, pagando felizmente el precio y ganando muchas alegr\u00edas, nos hemos ocupado exclusivamente de la parte art\u00edstica de lo que hacemos. Sin rebajas, sin trucos, sin otra preocupaci\u00f3n que la de profundizar constantemente en lo que compartimos con nuestros oyentes. Porque as\u00ed es como nuestra existencia cobra sentido. Cobra sentido cada vez que el bouzouki, despojado del simbolismo de las \u00faltimas d\u00e9cadas, vuelve a tararear los cielos. <\/p>\n\n\n\n<p>Cuando la lira, libre de la violencia del fest\u00edn tur\u00edstico, canta el sonido de los siglos. Siempre que los arcos, huyendo de la tibieza de la \"sopa\" de acompa\u00f1amiento, de las galas acad\u00e9micas y f\u00fanebres y del alborozo del espect\u00e1culo, sangran dos notas con alma. Cada vez que una guitarra y una voz, con errores y falsete, intentan deletrear sue\u00f1o y realidad de forma inseparable. As\u00ed luchamos, por desgracia no siempre con \u00e9xito, retrocediendo de la creaci\u00f3n a la destrucci\u00f3n. <\/p>\n\n\n\n<p>No puedo garantizarle que vaya a pasarlo bien si nos honra con su presencia. Porque, afortunadamente, todas las apuestas est\u00e1n echadas. &nbsp; <\/p>\n\n\n\n<p>Gracias, Alkinoos Ioannidis &nbsp; <\/p>\n\n\n\n<p>Inauguraci\u00f3n de los actos estivales del Ayuntamiento de Heraklion  <br>S\u00e1bado 08 de julio a las 21:30 en el Teatro Jard\u00edn \"Nikos Kazantzakis\"  <br>Precio de las entradas: 12 euros en venta anticipada - 14 euros en la entrada   <br>Venta anticipada: Teatro Jard\u00edn \"N. \"N. Kazantzakis\" - Androgeo 2 - Eleftheroudakis - Academia Cristi<\/p>\n\n\n\n<p>Organizado por Cretanart Productions<\/p>","protected":false},"excerpt":{"rendered":"<p>\u0388\u03bd\u03b1 \u03ba\u03b5\u03af\u03bc\u03b5\u03bd\u03bf \u03b3\u03b9\u03b1 \u03c4\u03b7\u03bd \u03c0\u03b1\u03c1\u03ac\u03c3\u03c4\u03b1\u03c3\u03b7 \u03b1\u03c0\u03cc \u03c4\u03bf\u03bd \u0391\u03bb\u03ba\u03af\u03bd\u03bf\u03bf \u0399\u03c9\u03b1\u03bd\u03bd\u03af\u03b4\u03b7&#8230;&#8230; \u039c\u03bf\u03c5 \u03b6\u03b7\u03c4\u03ae\u03b8\u03b7\u03ba\u03b5 \u03bd\u03b1 \u03c0\u03b5\u03c1\u03b9\u03b3\u03c1\u03ac\u03c8\u03c9 \u03c3\u03b5 \u03ad\u03bd\u03b1 \u03bc\u03b9\u03ba\u03c1\u03cc \u03ba\u03b5\u03af\u03bc\u03b5\u03bd\u03bf \u03b1\u03c5\u03c4\u03cc \u03c0\u03bf\u03c5 \u03b6\u03bf\u03cd\u03bc\u03b5 \u03c3\u03b1\u03bd \u03bc\u03bf\u03c5\u03c3\u03b9\u03ba\u03ae \u03bf\u03bc\u03ac\u03b4\u03b1. \u039f\u03b9 \u03b6\u03c9\u03ad\u03c2 \u03bc\u03b1\u03c2 \u03b4\u03b5\u03bd \u03ad\u03c7\u03bf\u03c5\u03bd \u03b9\u03b4\u03b9\u03b1\u03af\u03c4\u03b5\u03c1\u03bf \u03b5\u03bd\u03b4\u03b9\u03b1\u03c6\u03ad\u03c1\u03bf\u03bd. \u0395\u03af\u03bc\u03b1\u03c3\u03c4\u03b5 \u03cc\u03bc\u03c9\u03c2 \u03c3\u03c4\u03b7 \u03b4\u03b9\u03ac\u03c1\u03ba\u03b5\u03b9\u03b1 \u03b5\u03bd\u03cc\u03c2 \u03c4\u03b1\u03be\u03b9\u03b4\u03b9\u03bf\u03cd, \u03ba\u03b1\u03b9 \u03c4\u03bf \u03c4\u03b1\u03be\u03af\u03b4\u03b9 \u03ad\u03c7\u03b5\u03b9 \u03c0\u03ac\u03bd\u03c4\u03b1 \u03ba\u03ac\u03c4\u03b9 \u03bd\u03b1 \u03b4\u03b9\u03b7\u03b3\u03b7\u03b8\u03b5\u03af: \u039e\u03b5\u03ba\u03b9\u03bd\u03ae\u03c3\u03b1\u03bc\u03b5 \u03b7\u03c7\u03bf\u03b3\u03c1\u03b1\u03c6\u03ce\u03bd\u03c4\u03b1\u03c2 \u03c3\u03b5 \u03ba\u03ac\u03c0\u03bf\u03b9\u03bf \u03c5\u03c0\u03cc\u03b3\u03b5\u03b9\u03bf \u03ba\u03b1\u03b9 \u03ba\u03b1\u03c4\u03b1\u03bb\u03ae\u03be\u03b1\u03bc\u03b5 \u03bd\u03b1 \u03b3\u03c5\u03c1\u03af\u03b6\u03bf\u03c5\u03bc\u03b5 \u03c4\u03b7 \u0393\u03b7 [&hellip;]<\/p>\n","protected":false},"author":1,"featured_media":6039,"comment_status":"open","ping_status":"open","sticky":false,"template":"","format":"standard","meta":{"footnotes":""},"categories":[76],"tags":[],"class_list":["post-6038","post","type-post","status-publish","format-standard","has-post-thumbnail","hentry","category-76"],"blocksy_meta":{"styles_descriptor":{"styles":{"desktop":"","tablet":"","mobile":""},"google_fonts":[],"version":6}},"_links":{"self":[{"href":"https:\/\/cretanart.gr\/es\/wp-json\/wp\/v2\/posts\/6038","targetHints":{"allow":["GET"]}}],"collection":[{"href":"https:\/\/cretanart.gr\/es\/wp-json\/wp\/v2\/posts"}],"about":[{"href":"https:\/\/cretanart.gr\/es\/wp-json\/wp\/v2\/types\/post"}],"author":[{"embeddable":true,"href":"https:\/\/cretanart.gr\/es\/wp-json\/wp\/v2\/users\/1"}],"replies":[{"embeddable":true,"href":"https:\/\/cretanart.gr\/es\/wp-json\/wp\/v2\/comments?post=6038"}],"version-history":[{"count":2,"href":"https:\/\/cretanart.gr\/es\/wp-json\/wp\/v2\/posts\/6038\/revisions"}],"predecessor-version":[{"id":19596,"href":"https:\/\/cretanart.gr\/es\/wp-json\/wp\/v2\/posts\/6038\/revisions\/19596"}],"wp:featuredmedia":[{"embeddable":true,"href":"https:\/\/cretanart.gr\/es\/wp-json\/wp\/v2\/media\/6039"}],"wp:attachment":[{"href":"https:\/\/cretanart.gr\/es\/wp-json\/wp\/v2\/media?parent=6038"}],"wp:term":[{"taxonomy":"category","embeddable":true,"href":"https:\/\/cretanart.gr\/es\/wp-json\/wp\/v2\/categories?post=6038"},{"taxonomy":"post_tag","embeddable":true,"href":"https:\/\/cretanart.gr\/es\/wp-json\/wp\/v2\/tags?post=6038"}],"curies":[{"name":"wp","href":"https:\/\/api.w.org\/{rel}","templated":true}]}}